[{"@context":"https:\/\/schema.org\/","@type":"Article","@id":"https:\/\/www.notarkom.cz\/je-vypocet-mzdy-dpp-jiny-nez-u-hlavniho-pracovniho-pomeru\/#Article","mainEntityOfPage":"https:\/\/www.notarkom.cz\/je-vypocet-mzdy-dpp-jiny-nez-u-hlavniho-pracovniho-pomeru\/","headline":"Je v\u00fdpo\u010det mzdy DPP jin\u00fd ne\u017e u hlavn\u00edho pracovn\u00edho pom\u011bru?","name":"Je v\u00fdpo\u010det mzdy DPP jin\u00fd ne\u017e u hlavn\u00edho pracovn\u00edho pom\u011bru?","description":"Smutn\u00fdm faktem je, \u017ee existuje mnoho lid\u00ed, kte\u0159\u00ed se sna\u017e\u00ed sehnat zam\u011bstn\u00e1n\u00ed, av\u0161ak neda\u0159\u00ed se jim. Aby tedy m\u011bli alespo\u0148 n\u011bjak\u00fd p\u0159\u00edjem, chod\u00ed alespo\u0148 na nejr\u016fzn\u011bj\u0161\u00ed brig\u00e1dy. I ty v\u0161ak...","datePublished":"2021-07-09","dateModified":"2023-05-09","author":{"@type":"Person","@id":"https:\/\/www.notarkom.cz\/author\/devene\/#Person","name":"devene","url":"https:\/\/www.notarkom.cz\/author\/devene\/","identifier":1,"image":{"@type":"ImageObject","@id":"https:\/\/secure.gravatar.com\/avatar\/d6cba3ab97c30e0df0e32548954cb6b1550f4672bd3a4687bf1118b122d757e8?s=96&d=mm&r=g","url":"https:\/\/secure.gravatar.com\/avatar\/d6cba3ab97c30e0df0e32548954cb6b1550f4672bd3a4687bf1118b122d757e8?s=96&d=mm&r=g","height":96,"width":96}},"publisher":{"@type":"Organization","name":"notarkom.cz","logo":{"@type":"ImageObject","@id":"\/logo.png","url":"\/logo.png","width":600,"height":60}},"image":{"@type":"ImageObject","@id":"https:\/\/www.notarkom.cz\/wp-content\/uploads\/penize4_10_10_5.jpg","url":"https:\/\/www.notarkom.cz\/wp-content\/uploads\/penize4_10_10_5.jpg","height":0,"width":0},"url":"https:\/\/www.notarkom.cz\/je-vypocet-mzdy-dpp-jiny-nez-u-hlavniho-pracovniho-pomeru\/","about":["V\u00fdrobky"],"wordCount":436,"articleBody":"   Smutn\u00fdm faktem je, \u017ee existuje mnoho lid\u00ed, kte\u0159\u00ed se sna\u017e\u00ed sehnat zam\u011bstn\u00e1n\u00ed, av\u0161ak neda\u0159\u00ed se jim. Aby tedy m\u011bli alespo\u0148 n\u011bjak\u00fd p\u0159\u00edjem, chod\u00ed alespo\u0148 na nejr\u016fzn\u011bj\u0161\u00ed brig\u00e1dy. I ty v\u0161ak mus\u00ed b\u00fdt smluvn\u011b o\u0161et\u0159eny.Je samoz\u0159ejm\u00e9, \u017ee zde se nebude jednat o klasick\u00fd hlavn\u00ed pracovn\u00ed pom\u011br s b\u011b\u017enou pracovn\u00ed smlouvou. M\u00edsto toho se obvykle pou\u017e\u00edv\u00e1 Dohoda o pracovn\u00ed \u010dinnosti \u010di Dohoda o proveden\u00ed pr\u00e1ce. Tyto dv\u011b formy jsou si na prvn\u00ed pohled velmi podobn\u00e9, a laikem snadno zam\u011bniteln\u00e9. K tomu samoz\u0159ejm\u011b napom\u00e1haj\u00ed i jejich n\u00e1zvy. Av\u0161ak rozd\u00edly zde jsou, p\u0159edev\u0161\u00edm pak co se t\u00fd\u010de v\u00fdpo\u010dtu mezd.Nikdo se samoz\u0159ejm\u011b nediv\u00ed, \u017ee nap\u0159\u00edklad v\u00fdpo\u010det mzdy DPP https:\/\/www.kalkulackacistemzdy.cz\/vypocet-kalkulacka-mzdy-na-dpc-dpp je odli\u0161n\u00fd od hlavn\u00edho pracovn\u00edho pom\u011bru. M\u00e1lokdo v\u0161ak v\u00ed, v \u010dem p\u0159esn\u011b tyto odli\u0161nosti spo\u010d\u00edvaj\u00ed, a\u010dkoliv je to n\u011bco, co je pro dan\u00e9ho \u010dlov\u011bka velmi d\u016fle\u017eit\u00e9. P\u0159eci jen, pr\u00e1v\u011b na tom z\u00e1le\u017e\u00ed, kolik ve skute\u010dnosti dostane pen\u011bz.Nejprve je nutn\u00e9 poznamenat, \u017ee se jedn\u00e1 samoz\u0159ejm\u011b o v\u00fdpo\u010det \u010dist\u00e9 mzdy. U t\u00e9 hrub\u00e9 \u017e\u00e1dn\u00e9 rozd\u00edly nejsou \u2013 je d\u00e1na \u010d\u00e1stka, kterou zam\u011bstnanec dostane bu\u010f za hodinu pr\u00e1ce, p\u0159\u00edpadn\u011b za odveden\u00fd v\u00fdkon, a jejich se\u010dten\u00edm se vypo\u010d\u00edt\u00e1 hrub\u00e1 mzda. To v\u0161ak nen\u00ed \u010d\u00e1stka, kterou pracovn\u00edk dostane. A zde pr\u00e1v\u011b nach\u00e1z\u00edme nejv\u00edce rozd\u00edl\u016f.V prvn\u00ed \u0159ad\u011b je to fakt, \u017ee koeficienty pro v\u00fdpo\u010det odvodu dan\u011b a soci\u00e1ln\u00edho a zdravotn\u00edho poji\u0161t\u011bn\u00ed se li\u0161\u00ed. To znamen\u00e1, \u017ee i kdyby byla u obou hrub\u00e1 mzda stejn\u00e1, \u010dist\u00e1 bude odli\u0161n\u00e1. Je to p\u0159edev\u0161\u00edm proto, aby byli zam\u011bstnavatel\u00e9 motivov\u00e1ni nab\u00edrat lidi p\u0159edev\u0161\u00edm na hlavn\u00ed pracovn\u00ed pom\u011br, a nikoliv pouze takzvan\u011b na dohodu.D\u00e1le je rozd\u00edl v \u00falev\u00e1ch, kter\u00e9 m\u016f\u017ee zam\u011bstnanec uplatnit. Sem pat\u0159\u00ed nap\u0159\u00edklad sleva na d\u00edt\u011b, ale i dal\u0161\u00ed. Zde se naopak motivuje zam\u011bstnanec, aby se mu sp\u00ed\u0161e vyplatilo b\u00fdt zam\u011bstn\u00e1n v klasick\u00e9m pracovn\u00edm pom\u011bru, nikoliv brig\u00e1dn\u011b.P\u0159esto nen\u00ed pochyb o tom, \u017ee se jedn\u00e1 o \u010dasto jedin\u00e9 mo\u017en\u00e9 \u0159e\u0161en\u00ed pro mnoho lid\u00ed, jak si vyd\u011blat alespo\u0148 n\u011bjak\u00e9 pen\u00edze. A nen\u00ed pochyb o tom, \u017ee ty jsou rozhodn\u011b pot\u0159eba.                                                                                                                                                                                                                                                                                                                                                                                          4.7\/5 - (10 votes)        "},{"@context":"https:\/\/schema.org\/","@type":"BreadcrumbList","itemListElement":[{"@type":"ListItem","position":1,"name":"Je v\u00fdpo\u010det mzdy DPP jin\u00fd ne\u017e u hlavn\u00edho pracovn\u00edho pom\u011bru?","item":"https:\/\/www.notarkom.cz\/je-vypocet-mzdy-dpp-jiny-nez-u-hlavniho-pracovniho-pomeru\/#breadcrumbitem"}]}]